{"id":16653,"date":"2019-11-29T12:31:26","date_gmt":"2019-11-29T11:31:26","guid":{"rendered":"https:\/\/www.sms77.io\/?p=16653"},"modified":"2023-02-16T13:52:14","modified_gmt":"2023-02-16T12:52:14","slug":"2020-steht-vor-der-tuer-ein-ausblick","status":"publish","type":"post","link":"https:\/\/www.seven.io\/de\/blog\/2020-steht-vor-der-tuer-ein-ausblick\/","title":{"rendered":"2020 steht vor der T\u00fcr &#8211; ein Ausblick"},"content":{"rendered":"<section class=\"l-section wpb_row height_small\"><div class=\"l-section-h i-cf\"><div class=\"g-cols vc_row via_flex valign_top type_default stacking_default\"><div class=\"vc_col-sm-12 wpb_column vc_column_container\"><div class=\"vc_column-inner\"><div class=\"wpb_wrapper\"><div class=\"wpb_text_column\"><div class=\"wpb_wrapper\"><p><strong>Das Jahr 2019 neigt sich immer mehr dem Ende zu. Tats\u00e4chlich ist es bis zum Jahreswechsel (und dem Beginn einer neuen Dekade) gerade noch ein Monat. H\u00f6chste Zeit also, einen kleinen R\u00fcckblick auf das zur\u00fcckliegende Jahr zu werfen &#8211; und nat\u00fcrlich auch einen Ausblick auf 2020.<\/strong><\/p>\n<p>F\u00fcr seven passierte 2019 ein wichtiger Umbruch in der Unternehmensgeschichte. Mit dem <strong>Umzug in die neuen R\u00e4umlichkeiten<\/strong> in der Kieler Innenstadt sind die Weichen f\u00fcr eine erfolgreiche Zukunft gestellt worden. Das neue B\u00fcro gibt uns Raum und Kreativit\u00e4t, um\u00a0<strong>effizient<\/strong> und <strong>innovativ<\/strong> zu arbeiten. Aber wir wollen ja nicht nur \u00fcber uns selbst reden&#8230;<\/p>\n<\/div><\/div><\/div><\/div><\/div><\/div><\/div><\/section><section class=\"l-section wpb_row height_small\"><div class=\"l-section-h i-cf\"><div class=\"g-cols vc_row via_flex valign_top type_default stacking_default\"><div class=\"vc_col-sm-12 wpb_column vc_column_container\"><div class=\"vc_column-inner\"><div class=\"wpb_wrapper\"><div class=\"wpb_text_column\"><div class=\"wpb_wrapper\"><h2 style=\"text-align: center;\">Was 2019 so passiert ist<\/h2>\n<\/div><\/div><\/div><\/div><\/div><\/div><\/div><\/section><section class=\"l-section wpb_row height_small\"><div class=\"l-section-h i-cf\"><div class=\"g-cols vc_row via_flex valign_top type_default stacking_default\"><div class=\"vc_col-sm-4 wpb_column vc_column_container\"><div class=\"vc_column-inner\"><div class=\"wpb_wrapper\"><div class=\"w-iconbox iconpos_top style_default color_primary align_center\"><div class=\"w-iconbox-icon\" style=\"font-size:2rem;\"><i class=\"fas fa-mobile-alt\"><\/i><\/div><div class=\"w-iconbox-meta\"><h4 class=\"w-iconbox-title\">RCS entwickelt sich<\/h4><div class=\"w-iconbox-text\"><p><a href=\"https:\/\/www.gsma.com\/futurenetworks\/rcs\/\" target=\"_blank\" rel=\"noopener\" data-schema-attribute=\"\"><strong>Rich Communication Services<\/strong><\/a>, kurz RCS, wird seit einigen Jahren als die &#8222;n\u00e4chste Stufe&#8220; des Text Messaging gehandelt. Vereinfacht gesagt, ist RCS ein <strong>Hybrid aus SMS und Messenger-Apps<\/strong> wie Whatsapp. Es gab seit Jahren viele Ans\u00e4tze, diesen neuen Standard allgemein verf\u00fcgbar zu machen. Die Meisten scheiterten jedoch an mangelnder Koordination.\u00a0Im Juni k\u00fcndete Google an, die <a href=\"https:\/\/seven.io\/de\/blog\/rcs-sms-trifft-messenger-app\/\" rel=\"noopener\">Implementierung von RCS<\/a> von jetzt an <strong>selbst vorantreiben<\/strong> zu wollen. Das gefiel anscheinend einigen Netzbetreibern nicht, die gerne ihre <strong>eigenen Apps<\/strong> daf\u00fcr entwickeln wollen. Im Oktober <a href=\"https:\/\/seven.io\/de\/blog\/rcs-wird-wohl-wieder-komplizierter\/\" rel=\"noopener\">wurde die Situation wieder komplizierter.<\/a><\/p>\n<\/div><\/div><\/div><\/div><\/div><\/div><div class=\"vc_col-sm-4 wpb_column vc_column_container\"><div class=\"vc_column-inner\"><div class=\"wpb_wrapper\"><div class=\"w-iconbox iconpos_top style_default color_primary align_center\"><div class=\"w-iconbox-icon\" style=\"font-size:2rem;\"><i class=\"fas fa-user\"><\/i><\/div><div class=\"w-iconbox-meta\"><h4 class=\"w-iconbox-title\">\u00c4ra der Relevanz<\/h4><div class=\"w-iconbox-text\"><p>Im Grunde schon ein Ausblick in sich ist die Prognose, die Harvard Business Review stellt: Die \u00c4ra der Loyalit\u00e4t im Marketing geht zu Ende, und die <strong>\u00c4ra der Relevanz<\/strong> beginnt mit dem neuen Jahrzehnt. F\u00fcr uns als CPaaS ist das nat\u00fcrlich eine gute Nachricht: Relevanz bedeutet auch, dass Kunden <strong>pers\u00f6nlichen Kontakt<\/strong> und <strong>ma\u00dfgeschneiderte Angebote<\/strong> m\u00f6chten. Bis heute gibt es keinen allgemein akzeptierten Kommunikationsweg, der in dieser Hinsicht mit der &#8222;guten alten&#8220; SMS mithalten kann. Entsprechend ist die SMS im Marketing so beliebt wie eh und je. Neue Entwicklungen, vor allem im Bereich RCS, spielen f\u00fcr Relevanz-Marketing nat\u00fcrlich auch eine gro\u00dfe Rolle.<\/p>\n<\/div><\/div><\/div><\/div><\/div><\/div><div class=\"vc_col-sm-4 wpb_column vc_column_container\"><div class=\"vc_column-inner\"><div class=\"wpb_wrapper\"><div class=\"w-iconbox iconpos_top style_default color_primary align_center\"><div class=\"w-iconbox-icon\" style=\"font-size:2rem;\"><i class=\"fas fa-sms\"><\/i><\/div><div class=\"w-iconbox-meta\"><h4 class=\"w-iconbox-title\">SMS als Markt w\u00e4chst weiter<\/h4><div class=\"w-iconbox-text\"><p>Der Trend, der sich seit etwa 2017 abzeichnet, setzte sich auch in diesem Jahr fort. Nach einer Zeit der Stagnation w\u00e4chst SMS vor allem im Bereich <strong>A2P<\/strong>. Dazu kommen immer neue Studien die belegen, dass Kunden im Kontakt mit Unternehmen <strong>Textnachrichten bevorzugen<\/strong>. Im Zusammenhang mit dem Thema Relevanz hei\u00dft das: Schreiben Sie Ihren Kunden SMS, und machen Sie das <strong>so pers\u00f6nlich wie m\u00f6glich<\/strong>.<\/p>\n<p>W\u00e4hrend im privaten Messaging vor allem auf Whatsapp und Co. gesetzt wird, lohnt sich die SMS nach wie vor, vor allem \u00fcberall wo <strong>automatisiert<\/strong> Nachrichten verschickt werden sollen &#8211; und wo die Nachricht auch <strong>unabh\u00e4ngig von der Internetverbindung<\/strong> beim Empf\u00e4nger ankommen soll.<\/p>\n<\/div><\/div><\/div><\/div><\/div><\/div><\/div><\/div><\/section><section class=\"l-section wpb_row height_small\"><div class=\"l-section-h i-cf\"><div class=\"g-cols vc_row via_flex valign_top type_default stacking_default\"><div class=\"vc_col-sm-12 wpb_column vc_column_container\"><div class=\"vc_column-inner\"><div class=\"wpb_wrapper\"><div class=\"wpb_text_column\"><div class=\"wpb_wrapper\"><h2 style=\"text-align: center;\">Worauf wir uns 2020 freuen k\u00f6nnen<\/h2>\n<\/div><\/div><\/div><\/div><\/div><\/div><\/div><\/section><section class=\"l-section wpb_row height_small\"><div class=\"l-section-h i-cf\"><div class=\"g-cols vc_row via_flex valign_top type_default stacking_default\"><div class=\"vc_col-sm-3 wpb_column vc_column_container\"><div class=\"vc_column-inner\"><div class=\"wpb_wrapper\"><div class=\"w-iconbox iconpos_top style_default color_primary align_center\"><div class=\"w-iconbox-icon\" style=\"font-size:2rem;\"><i class=\"fas fa-wifi\"><\/i><\/div><div class=\"w-iconbox-meta\"><h4 class=\"w-iconbox-title\">5G Ausbau in Deutschland<\/h4><div class=\"w-iconbox-text\"><p>Noch gibt es einiges zu kl\u00e4ren bis es richtig losgeht, aber die <strong>ersten Frequenzen<\/strong> sind versteigert und die Pl\u00e4ne zum Bau neuer Funkmasten nehmen auch allm\u00e4hlich Form an. Super-schnelles mobiles Internet wird nat\u00fcrlich sp\u00e4testens dann wirklich spannend, wenn RCS nicht mehr nur ein schlecht koordiniertes Gimmick, sondern wirklich ein <strong>neuer Kommunikationsstandard<\/strong> ist. Und wo wir schon davon reden&#8230;<\/p>\n<\/div><\/div><\/div><\/div><\/div><\/div><div class=\"vc_col-sm-3 wpb_column vc_column_container\"><div class=\"vc_column-inner\"><div class=\"wpb_wrapper\"><div class=\"w-iconbox iconpos_top style_default color_primary align_center\"><div class=\"w-iconbox-icon\" style=\"font-size:2rem;\"><i class=\"fas fa-mobile-alt\"><\/i><\/div><div class=\"w-iconbox-meta\"><h4 class=\"w-iconbox-title\">Wie geht es weiter mit RCS?<\/h4><div class=\"w-iconbox-text\"><p>Ob wir uns im Jahr 2020 auf Neuigkeiten zu RCS freuen d\u00fcrfen, ist wohl abh\u00e4ngig davon, wie sich die Situation entwickelt. W\u00fcnschenswert w\u00e4re eine <strong>Koordination<\/strong> zwischen verschiedenen Parteien, vor allem zwischen Google und den Netzbetreibern. Ein gemeinsames Vorgehen w\u00e4re optimal. Und dann ist da nat\u00fcrlich immer noch die Frage, ob Apple sein<strong> iMessage f\u00fcr RCS kompatibel<\/strong> macht. Das allein kann \u00fcber Erfolg oder Scheitern von RCS entscheiden. Wir d\u00fcrfen also gespannt bleiben.<\/p>\n<\/div><\/div><\/div><\/div><\/div><\/div><div class=\"vc_col-sm-3 wpb_column vc_column_container\"><div class=\"vc_column-inner\"><div class=\"wpb_wrapper\"><div class=\"w-iconbox iconpos_top style_default color_primary align_center\"><div class=\"w-iconbox-icon\" style=\"font-size:2rem;\"><i class=\"fas fa-user\"><\/i><\/div><div class=\"w-iconbox-meta\"><h4 class=\"w-iconbox-title\">\u00c4ra der Relevanz<\/h4><div class=\"w-iconbox-text\"><p>Wie oben schon beschrieben, hat die <strong>\u00c4ra der Relevanz<\/strong> im Marketing begonnen. Gerade im Zusammenhang mit der (m\u00f6glicherweise) breiteren Verf\u00fcgbarkeit von RCS kann das spannend werden. Denn <strong>RCS<\/strong> erm\u00f6glicht es, ma\u00dfgeschneiderte und wirklich pers\u00f6nliche Nachrichten zu verschicken, die dem Empf\u00e4nger einen <strong>echten Mehrwert<\/strong> bieten. Ein Beispiel w\u00e4re, statt nur der Buchungsbest\u00e4tigung f\u00fcr eine Flugreise direkt in der Nachricht die Wetterdaten f\u00fcr den Zielort mit anzuzeigen.<\/p>\n<\/div><\/div><\/div><\/div><\/div><\/div><div class=\"vc_col-sm-3 wpb_column vc_column_container\"><div class=\"vc_column-inner\"><div class=\"wpb_wrapper\"><div class=\"w-iconbox iconpos_top style_default color_primary align_center\"><div class=\"w-iconbox-icon\" style=\"font-size:2rem;\"><i class=\"fas fa-network-wired\"><\/i><\/div><div class=\"w-iconbox-meta\"><h4 class=\"w-iconbox-title\">Internet of Things<\/h4><div class=\"w-iconbox-text\"><p>Immer mehr intelligente Ger\u00e4te in unserem Leben wollen mit uns oder untereinander kommunizieren. Unter anderem deshalb wird der <strong>5G-Ausbau<\/strong> vorangetrieben. Laut einigen Experten k\u00f6nnte es bis Ende 2020 bis zu <strong>100 Milliarden intelligenter Endger\u00e4te<\/strong> geben. F\u00fcr uns bei seven ist das IoT vor allem dann interessant, wenn diese Ger\u00e4te mit ihren Nutzern via A2P SMS kommunizieren.<\/p>\n<\/div><\/div><\/div><\/div><\/div><\/div><\/div><\/div><\/section><section class=\"l-section wpb_row height_small\"><div class=\"l-section-h i-cf\"><div class=\"g-cols vc_row via_flex valign_top type_default stacking_default\"><div class=\"vc_col-sm-12 wpb_column vc_column_container\"><div class=\"vc_column-inner\"><div class=\"wpb_wrapper\"><div class=\"wpb_text_column\"><div class=\"wpb_wrapper\"><h2>Und wie geht es bei seven weiter?<\/h2>\n<p>Nach diesem eher allgemeinen Ausblick auf 2020 in der Kommunikationsbranche darf ein Ausblick auf unsere eigene Entwicklung 2020 nicht fehlen. Eines unserer gro\u00dfen Ziele ist es, noch <strong>internationaler<\/strong> zu werden, und mehr Kunden auch au\u00dferhalb unseres &#8222;Kerngebietes&#8220; im DACH-Raum zu gewinnen. Au\u00dferdem werden wir selbstverst\u00e4ndlich nicht aufh\u00f6ren, unseren Service stetig zu verbessern und zu erweitern. Sie k\u00f6nnen sich daher auf <strong>neue und ausgefeiltere Features<\/strong> freuen. Die Weichen f\u00fcr ein unternehmerisches Wachstum sind gestellt, jetzt gilt es, die Ziele anzupacken. Wir freuen uns auf 2020!<\/p>\n<\/div><\/div><\/div><\/div><\/div><\/div><\/div><\/section><section class=\"l-section wpb_row height_small\"><div class=\"l-section-h i-cf\"><div class=\"g-cols vc_row via_flex valign_top type_default stacking_default\"><div class=\"vc_col-sm-12 wpb_column vc_column_container\"><div class=\"vc_column-inner\"><div class=\"wpb_wrapper\"><div class=\"w-separator size_medium with_line width_default thick_1 style_solid color_border align_center with_text with_content\"><div class=\"w-separator-h\"><h6 class=\"w-separator-text\"><span>Mit besten Gr\u00fc\u00dfen<\/span><\/h6><\/div><\/div><div class=\"w-image align_center\"><div class=\"w-image-h\"><img decoding=\"async\" width=\"400\" height=\"90\" src=\"https:\/\/www.seven.io\/wp-content\/uploads\/2017\/09\/img2.png\" class=\"attachment-large size-large\" alt=\"Ihr seven Team\" loading=\"lazy\" srcset=\"https:\/\/www.seven.io\/wp-content\/uploads\/2017\/09\/img2.png 400w, https:\/\/www.seven.io\/wp-content\/uploads\/2017\/09\/img2-300x68.png 300w, https:\/\/www.seven.io\/wp-content\/uploads\/2017\/09\/img2-350x79.png 350w, https:\/\/www.seven.io\/wp-content\/uploads\/2017\/09\/img2-250x56.png 250w, https:\/\/www.seven.io\/wp-content\/uploads\/2017\/09\/img2-200x45.png 200w\" sizes=\"auto, (max-width: 400px) 100vw, 400px\" \/><\/div><\/div><\/div><\/div><\/div><\/div><\/div><\/section><section class=\"l-section wpb_row height_small\"><div class=\"l-section-h i-cf\"><div class=\"g-cols vc_row via_flex valign_top type_default stacking_default\"><div class=\"vc_col-sm-12 wpb_column vc_column_container\"><div class=\"vc_column-inner\"><div class=\"wpb_wrapper\"><div class=\"wpb_text_column\"><div class=\"wpb_wrapper\"><p style=\"text-align: center;\"><i data-stringify-type=\"italic\">Headerbild von Christian Horz via\u00a0<\/i><i data-stringify-type=\"italic\">iStock.com, bearbeitet.<\/i><\/p>\n<\/div><\/div><\/div><\/div><\/div><\/div><\/div><\/section>\n","protected":false},"excerpt":{"rendered":"Das Jahr 2019 neigt sich immer mehr dem Ende zu. Tats\u00e4chlich ist es bis zum Jahreswechsel (und dem Beginn einer neuen Dekade) gerade noch ein Monat. H\u00f6chste Zeit also, einen kleinen R\u00fcckblick auf das zur\u00fcckliegende Jahr zu werfen &#8211; und nat\u00fcrlich auch einen Ausblick auf 2020. F\u00fcr seven passierte 2019 ein wichtiger Umbruch in der...","protected":false},"author":1,"featured_media":16684,"comment_status":"open","ping_status":"open","sticky":false,"template":"","format":"standard","meta":{"content-type":"","footnotes":""},"categories":[1],"tags":[421,229],"class_list":["post-16653","post","type-post","status-publish","format-standard","has-post-thumbnail","hentry","category-news-trends","tag-421","tag-sms"],"_links":{"self":[{"href":"https:\/\/www.seven.io\/de\/wp-json\/wp\/v2\/posts\/16653","targetHints":{"allow":["GET"]}}],"collection":[{"href":"https:\/\/www.seven.io\/de\/wp-json\/wp\/v2\/posts"}],"about":[{"href":"https:\/\/www.seven.io\/de\/wp-json\/wp\/v2\/types\/post"}],"author":[{"embeddable":true,"href":"https:\/\/www.seven.io\/de\/wp-json\/wp\/v2\/users\/1"}],"replies":[{"embeddable":true,"href":"https:\/\/www.seven.io\/de\/wp-json\/wp\/v2\/comments?post=16653"}],"version-history":[{"count":37,"href":"https:\/\/www.seven.io\/de\/wp-json\/wp\/v2\/posts\/16653\/revisions"}],"predecessor-version":[{"id":88233,"href":"https:\/\/www.seven.io\/de\/wp-json\/wp\/v2\/posts\/16653\/revisions\/88233"}],"wp:featuredmedia":[{"embeddable":true,"href":"https:\/\/www.seven.io\/de\/wp-json\/wp\/v2\/media\/16684"}],"wp:attachment":[{"href":"https:\/\/www.seven.io\/de\/wp-json\/wp\/v2\/media?parent=16653"}],"wp:term":[{"taxonomy":"category","embeddable":true,"href":"https:\/\/www.seven.io\/de\/wp-json\/wp\/v2\/categories?post=16653"},{"taxonomy":"post_tag","embeddable":true,"href":"https:\/\/www.seven.io\/de\/wp-json\/wp\/v2\/tags?post=16653"}],"curies":[{"name":"wp","href":"https:\/\/api.w.org\/{rel}","templated":true}]}}