{"id":16793,"date":"2019-12-09T10:41:22","date_gmt":"2019-12-09T09:41:22","guid":{"rendered":"https:\/\/www.sms77.io\/?p=16793"},"modified":"2023-02-16T13:45:46","modified_gmt":"2023-02-16T12:45:46","slug":"5g-die-grundlagen-und-der-aktuelle-stand","status":"publish","type":"post","link":"https:\/\/www.seven.io\/de\/blog\/5g-die-grundlagen-und-der-aktuelle-stand\/","title":{"rendered":"5G &#8211; Die Grundlagen und der aktuelle Stand"},"content":{"rendered":"<section class=\"l-section wpb_row height_small\"><div class=\"l-section-h i-cf\"><div class=\"g-cols vc_row via_flex valign_top type_default stacking_default\"><div class=\"vc_col-sm-12 wpb_column vc_column_container\"><div class=\"vc_column-inner\"><div class=\"wpb_wrapper\"><div class=\"wpb_text_column\"><div class=\"wpb_wrapper\"><p><strong>5G ist derzeit ein viel diskutiertes Thema. Die Einen freuen sich, weil es vielversprechende neue Anwendungen im mobilen Internet erlaubt &#8211; von Videostreaming bis zum &#8222;Internet of Things&#8220;. Die Anderen f\u00fcrchten, dass durch neue Funkmasten gef\u00e4hrliche Strahlen den menschlichen K\u00f6rper belasten k\u00f6nnten &#8211; auch wenn es daf\u00fcr keine stichhaltigen Belege oder Studien gibt. \u00a0In den letzten Wochen verk\u00fcndeten sowohl die Netzbetreiber als auch die Bundesregierung Pl\u00e4ne f\u00fcr den Ausbau des Netzes. Wir haben die wichtigsten Informationen hier zusammengefasst.<\/strong><\/p>\n<h2>Was ist eigentlich 5G?<\/h2>\n<p>5G ist die Abk\u00fcrzung f\u00fcr <strong>Fifth Generation<\/strong>, zu Deutsch F\u00fcnfte Generation. Der Name ist Programm: es handelt sich um die f\u00fcnfte Generation einer Reihe von Standards f\u00fcr mobiles Internet und Mobiltelefonie. Einfach gesagt ist es die <strong>Weiterentwicklung von LTE<\/strong> (4G). Von 5G erhoffen sich Nutzer und Betreiber vor allem <strong>hohe Daten\u00fcbertragungsraten<\/strong> und <strong>geringe Latenzzeiten<\/strong>. W\u00e4hrend in den USA, Korea und einigen anderen L\u00e4ndern bereits 5G-Netze verf\u00fcgbar sind, ging der Ausbau aus verschiedenen Gr\u00fcnden in Europa bisher eher schleppend voran. Zu diesen Gr\u00fcnden geh\u00f6ren neben aufw\u00e4ndigen und langwierigen Genehmigungsverfahren auch Widerst\u00e4nde in der Bev\u00f6lkerung oder schlicht fehlende Kapazit\u00e4ten der Bauunternehmen. In Deutschland ist 5G bislang nur in einigen der gr\u00f6\u00dferen St\u00e4dten verf\u00fcgbar.<\/p>\n<\/div><\/div>[vc_line_chart x_values=&#8220;Geschwindigkeit in GBit\/s; Latenzzeit in ms;&#8220; values=&#8220;%5B%7B%22title%22%3A%224G%22%2C%22y_values%22%3A%221%3B%205%3B%22%2C%22color%22%3A%22blue%22%7D%2C%7B%22title%22%3A%225G%22%2C%22y_values%22%3A%2210%3B%201%3B%20%22%2C%22color%22%3A%22pink%22%7D%5D&#8220; title=&#8220;4G und 5G im Vergleich&#8220; css=&#8220;.vc_custom_1575883469179{padding-top: 4rem !important;padding-right: 4rem !important;padding-bottom: 4rem !important;padding-left: 4rem !important;border-radius: 35px !important;}&#8220;]<\/div><\/div><\/div><\/div><\/div><\/section><section class=\"l-section wpb_row height_small color_alternate\"><div class=\"l-section-h i-cf\"><div class=\"g-cols vc_row via_flex valign_top type_default stacking_default\"><div class=\"vc_col-sm-12 wpb_column vc_column_container\"><div class=\"vc_column-inner\"><div class=\"wpb_wrapper\"><div class=\"wpb_text_column\"><div class=\"wpb_wrapper\"><h2>Technische Fragen, die das Thema schwieriger machen<\/h2>\n<p>F\u00fcr ein effektives 5G-Netz muss ein <strong>Kompromiss zwischen Reichweite und \u00dcbertragungsrate<\/strong> gefunden werden. Die &#8222;schnellsten&#8220; Frequenzen haben nur eine Reichweite von einigen hundert Metern. Das ist in St\u00e4dten unproblematisch, aber in l\u00e4ndlichen Gebieten nicht sinnvoll. F\u00fcr den niedrigeren Frequenzbereich, der eine gr\u00f6\u00dfere Abdeckung in der Fl\u00e4che erlauben w\u00fcrde, sind kaum noch Frequenzen verf\u00fcgbar. <a href=\"https:\/\/www.chip.de\/news\/Telekom-Vodafone-O2-bereiten-Ende-von-UMTS-vor_160804410.html\" target=\"_blank\" rel=\"noopener noreferrer\">Ende 2020 k\u00f6nnte 3G eingestellt werden<\/a>, die bislang hierf\u00fcr genutzten Frequenzen w\u00fcrden also frei werden und k\u00f6nnten mit genutzt werden. In anderen L\u00e4ndern, etwa der Schweiz, wird aber auch 2G (EDGE) eingestellt. In Deutschland wird 2G weiter genutzt &#8211; etwa f\u00fcr den <strong>Versand von SMS<\/strong> und \u00fcberall dort, wo weder LTE noch 5G verf\u00fcgbar ist. Das Einstellen veralteter Mobilfunkstandards stellt nat\u00fcrlich auch diejenigen Nutzer vor Probleme, die noch mit \u00e4lteren Ger\u00e4ten arbeiten. Ein vollst\u00e4ndiges Umr\u00fcsten der Mobilnetze auf ausschlie\u00dflich 4G und 5G macht aber erst Sinn, wenn alle Nutzer dar\u00fcber auch<strong> Anrufe und SMS<\/strong> t\u00e4tigen k\u00f6nnen. Technisch ist es durchaus machbar, <strong>SMS \u00fcber LTE<\/strong> zu verschicken (<a href=\"https:\/\/www.3gpp.org\/news-events\/1268-Dispelling-LTE-Myths\" target=\"_blank\" rel=\"noopener noreferrer\">SMS over IP<\/a>). Allerdings wird das bisher nur wenig genutzt. Vollst\u00e4ndig auf LTE umzuschalten macht erst Sinn, wenn alle Nutzer auch 4G empfangen k\u00f6nnen. Hier sind die Netzbetreiber gefragt, die die Netzabdeckung verbessern m\u00fcssen. Da 5G keine v\u00f6llig neue Erfindung, sondern eine Weiterentwicklung des 4G-Standards darstellt, sollten SMS over IP auch im 5G-Netz funktionieren, dann mit noch schnellerer \u00dcbertragung.<\/p>\n<\/div><\/div><div class=\"w-separator size_medium\"><\/div><div class=\"wpb_text_column\"><div class=\"wpb_wrapper\"><h2>Warum ist 5G \u00fcberhaupt n\u00f6tig?<\/h2>\n<p>Es gibt zwei Trends, die das Datenaufkommen im mobilen Internet in den letzten Jahren drastisch erh\u00f6ht haben. Zum Einen sind das <strong>Videostreaming-Dienste<\/strong>, von Twitch und Youtube bis zu Netflix und Amazon Prime. Diese erfreuen sich immer gr\u00f6\u00dferer Beliebtheit, und mit dem Aufkommen immer neuer Dienste wie Disney+ wird dieser Trend auch nicht so schnell vorbeigehen. Zum Anderen gibt es immer mehr <strong>smarte Endger\u00e4te<\/strong>, etwa K\u00fchlschr\u00e4nke, Toaster, T\u00fcrklingel-Systeme und mehr. Diese fasst man unter dem Begriff Internet of Things, kurz IoT, zusammen. Und da diese Ger\u00e4te ebenfalls \u00fcber mobile Daten Informationen austauschen, belasten sie die existierenden Bandbreiten noch weiter. Laut Telekom Deutschland erwarten Experten weltweit <strong>bis zu 100 Milliarden vernetzte Ger\u00e4te<\/strong> Ende 2020.<\/p>\n<p>Aber auch f\u00fcr andere Anwendungen, zum Beispiel das erwartete erh\u00f6hte Datenaufkommen durch eine <a href=\"https:\/\/seven.io\/de\/blog\/rcs-sms-trifft-messenger-app\/\" rel=\"noopener\">breite Anwendung von RCS<\/a> oder durch <strong>autonome Fahrzeuge<\/strong>, ist 5G eine wichtige Grundlage.<\/p>\n<\/div><\/div><\/div><\/div><\/div><\/div><\/div><\/section><section class=\"l-section wpb_row height_small\"><div class=\"l-section-h i-cf\"><div class=\"g-cols vc_row via_flex valign_top type_default stacking_default\"><div class=\"vc_col-sm-12 wpb_column vc_column_container\"><div class=\"vc_column-inner\"><div class=\"wpb_wrapper\"><div class=\"wpb_text_column\"><div class=\"wpb_wrapper\"><h2>Plan der deutschen Netzbetreiber<\/h2>\n<p>Eine der Auflagen f\u00fcr die Versteigerung der 5G-Frequenzen Anfang 2019 war das Schlie\u00dfen der <strong>L\u00f6cher in der 4G-Abdeckung<\/strong>. Diese sind vor allem in l\u00e4ndlichen Gebieten und an Verkehrsadern noch immer ein gro\u00dfes Problem. Obwohl LTE eigentlich allgemein verf\u00fcgbar sein sollte, gibt es noch immer Gegenden, in denen teils nicht einmal 3G empfangen wird. Die drei gro\u00dfen Netzbetreiber &#8211; Telekom, Vodafone und Telef\u00f3nica &#8211; wollen in den n\u00e4chsten Jahren <strong>bis zu 6000 Funkmasten<\/strong> bauen und diese gemeinschaftlich nutzen. Bei angemessener Beteiligung an den Kosten soll daran auch der neue Anbieter 1&amp;1\/Drillisch beteiligt werden.<\/p>\n<\/div><\/div><div class=\"w-separator size_medium\"><\/div><div class=\"wpb_text_column\"><div class=\"wpb_wrapper\"><h2>&#8230;und der Bundesregierung<\/h2>\n<p>Da es einige Gegenden gibt, die aufgrund d\u00fcnner Besiedlung f\u00fcr die Netzbetreiber nicht attraktiv bzw. wirtschaftlich w\u00e4ren, gibt die Bundesregierung <strong>5000 Standorte f\u00fcr Funkmasten<\/strong> frei, die sich in ihrem Besitz befinden. F\u00fcr diese Standorte sollen beschleunigte Genehmigungsverfahren gelten. So sollen auch diese Orte m\u00f6glichst bald zu ihrer Abdeckung mit schnellem mobilem Internet kommen. Weiterhin m\u00f6chte der Bund durch <strong>vermehrte Aufkl\u00e4rung und Information<\/strong> daf\u00fcr sorgen, dass weniger B\u00fcrgerinitiativen den Netzausbau weiter bremsen.<\/p>\n<\/div><\/div><div class=\"w-separator size_medium\"><\/div><div class=\"smile_icon_list_wrap ult_info_list_container ult-adjust-bottom-margin  \"><ul class=\"smile_icon_list left square with_bg\"><li class=\"icon_list_item\" style=\" font-size:72px;\"><div class=\"icon_list_icon\" data-animation=\"\" data-animation-delay=\"03\" style=\"font-size:24px;border-width:1px;border-style:none;background:#ffffff;color:#00d488;border-color:#333333;\"><i class=\"Defaults-signal\" ><\/i><\/div><div class=\"icon_description\" id=\"Info-list-wrap-1611\" style=\"font-size:24px;\"><h3 class=\"ult-responsive info-list-heading\"  data-ultimate-target='#Info-list-wrap-1611 h3'  data-responsive-json-new='{\"font-size\":\"desktop:16px;\",\"line-height\":\"desktop:24px;\"}'  style=\"\">Ausbau von LTE<\/h3><div class=\"icon_description_text ult-responsive\"  data-ultimate-target='#Info-list-wrap-1611 .icon_description_text'  data-responsive-json-new='{\"font-size\":\"desktop:13px;\",\"line-height\":\"desktop:18px;\"}'  style=\"\"><p>Augrund der Auflagen, mit denen die Versteigerung der 5G-Frequenzen verbunden ist, werden in den n\u00e4chsten Jahren mehrere Tausend Funkmasten errichtet, die die L\u00fccken im 4G-Netz schlie\u00dfen sollen<\/p>\n<\/div><\/div><div class=\"icon_list_connector\"  style=\"border-right-width: 1px;border-right-style: dashed;border-color: #333333;\"><\/div><\/li><li class=\"icon_list_item\" style=\" font-size:72px;\"><div class=\"icon_list_icon\" data-animation=\"\" data-animation-delay=\"03\" style=\"font-size:24px;border-width:1px;border-style:none;background:#ffffff;color:#00d488;border-color:#333333;\"><i class=\"Defaults-road\" ><\/i><\/div><div class=\"icon_description\" id=\"Info-list-wrap-4728\" style=\"font-size:24px;\"><h3 class=\"ult-responsive info-list-heading\"  data-ultimate-target='#Info-list-wrap-4728 h3'  data-responsive-json-new='{\"font-size\":\"desktop:16px;\",\"line-height\":\"desktop:24px;\"}'  style=\"\">Autobahnen und mehr<\/h3><div class=\"icon_description_text ult-responsive\"  data-ultimate-target='#Info-list-wrap-4728 .icon_description_text'  data-responsive-json-new='{\"font-size\":\"desktop:13px;\",\"line-height\":\"desktop:18px;\"}'  style=\"\"><p>Vor allem entlang der Verkehrsadern, also Autobahnen, Zugstrecken, aber auch l\u00e4ndliche Gebiete sollen durch den Ausbau erschlossen und versorgt werden<\/p>\n<\/div><\/div><div class=\"icon_list_connector\"  style=\"border-right-width: 1px;border-right-style: dashed;border-color: #333333;\"><\/div><\/li><li class=\"icon_list_item\" style=\" font-size:72px;\"><div class=\"icon_list_icon\" data-animation=\"\" data-animation-delay=\"03\" style=\"font-size:24px;border-width:1px;border-style:none;background:#ffffff;color:#00d488;border-color:#333333;\"><i class=\"Defaults-check\" ><\/i><\/div><div class=\"icon_description\" id=\"Info-list-wrap-9975\" style=\"font-size:24px;\"><h3 class=\"ult-responsive info-list-heading\"  data-ultimate-target='#Info-list-wrap-9975 h3'  data-responsive-json-new='{\"font-size\":\"desktop:16px;\",\"line-height\":\"desktop:24px;\"}'  style=\"\">Auch das 5G-Netz profitiert<\/h3><div class=\"icon_description_text ult-responsive\"  data-ultimate-target='#Info-list-wrap-9975 .icon_description_text'  data-responsive-json-new='{\"font-size\":\"desktop:13px;\",\"line-height\":\"desktop:18px;\"}'  style=\"\"><p>Die existierenden Funkmasten, die bis einschlie\u00dflich 4G unterst\u00fctzen, werden nicht etwa obsolet, wenn das umliegende Gebiet f\u00fcr 5G erschlossen werden soll. Teils reicht ein Software-Update, teils werden an bestehenden Funkmasten zus\u00e4tzliche Sender mit 5G-Kapazit\u00e4t angebracht.<\/p>\n<\/div><\/div><div class=\"icon_list_connector\"  style=\"border-right-width: 1px;border-right-style: dashed;border-color: #333333;\"><\/div><\/li><\/ul><\/div><\/div><\/div><\/div><\/div><\/div><\/section><section class=\"l-section wpb_row height_small color_alternate\"><div class=\"l-section-h i-cf\"><div class=\"g-cols vc_row via_flex valign_top type_default stacking_default\"><div class=\"vc_col-sm-12 wpb_column vc_column_container\"><div class=\"vc_column-inner\"><div class=\"wpb_wrapper\"><div class=\"wpb_text_column\"><div class=\"wpb_wrapper\"><h2>Zusammenfassung<\/h2>\n<p>F\u00fcr die <strong>Digitale Welt von Morgen<\/strong> ist 5G eine wichtige Grundlage. Allerdings geht der Ausbau hierzulande bislang &#8211; aufgrund verschiedener Faktoren &#8211; eher gem\u00e4chlich voran. Von einer <strong>Vorreiterrolle<\/strong> ist Deutschland noch ziemlich weit entfernt. Gleichzeitig sorgen die mit der Versteigerung der ersten 5G-Frequenzen verbundenen Auflagen daf\u00fcr, dass die L\u00fccken in der 4G-Abdeckung <strong>endlich geschlossen werden<\/strong>. Das wiederum ist f\u00fcr private wie gewerbliche Nutzer eine gute Nachricht. Die Nutzung von 5G ist aber bis Ende 2020 wohl nur in den gr\u00f6\u00dferen St\u00e4dten m\u00f6glich.<\/p>\n<p>Wie es so h\u00e4ufig der Fall ist wenn neue Technologien das Licht der Welt erblicken, bleibt abzuwarten, ob sich die Hoffnungen und Tr\u00e4ume erf\u00fcllen, die damit verbunden sind. <a href=\"https:\/\/seven.io\/de\/blog\/rcs-wird-wohl-wieder-komplizierter\/\" rel=\"noopener\">Das Beispiel RCS zeigt<\/a> ziemlich deutlich, wie weit Realit\u00e4t und Wunsch auseinander gehen k\u00f6nnen. Im Fall von 5G wird man sehen m\u00fcssen, ob einerseits die Technologie <strong>das h\u00e4lt was sie verspricht<\/strong>. Andererseits werden sowohl der Bund als auch und besonders die Netzbetreiber ihre hehren Ziele in Bezug auf 4G erst einmal umsetzen m\u00fcssen. W\u00e4hrend also die Entwicklung in eine gute Richtung geht, sind die aktuellen Informationen <strong>mit einer gewissen Vorsicht<\/strong> zu genie\u00dfen.<\/p>\n<\/div><\/div><\/div><\/div><\/div><\/div><\/div><\/section><section class=\"l-section wpb_row height_small\"><div class=\"l-section-h i-cf\"><div class=\"g-cols vc_row via_flex valign_top type_default stacking_default\"><div class=\"vc_col-sm-12 wpb_column vc_column_container\"><div class=\"vc_column-inner\"><div class=\"wpb_wrapper\"><div class=\"w-separator size_medium with_line width_default thick_1 style_solid color_border align_center with_text with_content\"><div class=\"w-separator-h\"><h6 class=\"w-separator-text\"><span>Mit besten Gr\u00fc\u00dfen<\/span><\/h6><\/div><\/div><div class=\"w-image align_center\"><div class=\"w-image-h\"><img decoding=\"async\" width=\"400\" height=\"90\" src=\"https:\/\/www.seven.io\/wp-content\/uploads\/2017\/09\/img2.png\" class=\"attachment-large size-large\" alt=\"Ihr seven Team\" loading=\"lazy\" srcset=\"https:\/\/www.seven.io\/wp-content\/uploads\/2017\/09\/img2.png 400w, https:\/\/www.seven.io\/wp-content\/uploads\/2017\/09\/img2-300x68.png 300w, https:\/\/www.seven.io\/wp-content\/uploads\/2017\/09\/img2-350x79.png 350w, https:\/\/www.seven.io\/wp-content\/uploads\/2017\/09\/img2-250x56.png 250w, https:\/\/www.seven.io\/wp-content\/uploads\/2017\/09\/img2-200x45.png 200w\" sizes=\"auto, (max-width: 400px) 100vw, 400px\" \/><\/div><\/div><\/div><\/div><\/div><\/div><\/div><\/section><section class=\"l-section wpb_row height_small\"><div class=\"l-section-h i-cf\"><div class=\"g-cols vc_row via_flex valign_top type_default stacking_default\"><div class=\"vc_col-sm-12 wpb_column vc_column_container\"><div class=\"vc_column-inner\"><div class=\"wpb_wrapper\"><div class=\"wpb_text_column\"><div class=\"wpb_wrapper\"><p style=\"text-align: center;\"><i data-stringify-type=\"italic\">Headerbild von jo youngju via\u00a0<\/i><i data-stringify-type=\"italic\">iStock.com<\/i><\/p>\n<\/div><\/div><\/div><\/div><\/div><\/div><\/div><\/section>\n","protected":false},"excerpt":{"rendered":"5G ist derzeit ein viel diskutiertes Thema. Die Einen freuen sich, weil es vielversprechende neue Anwendungen im mobilen Internet erlaubt &#8211; von Videostreaming bis zum &#8222;Internet of Things&#8220;. Die Anderen f\u00fcrchten, dass durch neue Funkmasten gef\u00e4hrliche Strahlen den menschlichen K\u00f6rper belasten k\u00f6nnten &#8211; auch wenn es daf\u00fcr keine stichhaltigen Belege oder Studien gibt. \u00a0In den...","protected":false},"author":1,"featured_media":16864,"comment_status":"open","ping_status":"open","sticky":false,"template":"","format":"standard","meta":{"content-type":"","footnotes":""},"categories":[399],"tags":[431],"class_list":["post-16793","post","type-post","status-publish","format-standard","has-post-thumbnail","hentry","category-tech-trends-2","tag-5g"],"_links":{"self":[{"href":"https:\/\/www.seven.io\/de\/wp-json\/wp\/v2\/posts\/16793","targetHints":{"allow":["GET"]}}],"collection":[{"href":"https:\/\/www.seven.io\/de\/wp-json\/wp\/v2\/posts"}],"about":[{"href":"https:\/\/www.seven.io\/de\/wp-json\/wp\/v2\/types\/post"}],"author":[{"embeddable":true,"href":"https:\/\/www.seven.io\/de\/wp-json\/wp\/v2\/users\/1"}],"replies":[{"embeddable":true,"href":"https:\/\/www.seven.io\/de\/wp-json\/wp\/v2\/comments?post=16793"}],"version-history":[{"count":59,"href":"https:\/\/www.seven.io\/de\/wp-json\/wp\/v2\/posts\/16793\/revisions"}],"predecessor-version":[{"id":88229,"href":"https:\/\/www.seven.io\/de\/wp-json\/wp\/v2\/posts\/16793\/revisions\/88229"}],"wp:featuredmedia":[{"embeddable":true,"href":"https:\/\/www.seven.io\/de\/wp-json\/wp\/v2\/media\/16864"}],"wp:attachment":[{"href":"https:\/\/www.seven.io\/de\/wp-json\/wp\/v2\/media?parent=16793"}],"wp:term":[{"taxonomy":"category","embeddable":true,"href":"https:\/\/www.seven.io\/de\/wp-json\/wp\/v2\/categories?post=16793"},{"taxonomy":"post_tag","embeddable":true,"href":"https:\/\/www.seven.io\/de\/wp-json\/wp\/v2\/tags?post=16793"}],"curies":[{"name":"wp","href":"https:\/\/api.w.org\/{rel}","templated":true}]}}